{"id":75,"date":"2018-05-01T19:12:18","date_gmt":"2018-05-01T17:12:18","guid":{"rendered":"http:\/\/www.50kronen.de\/headfield\/?p=75"},"modified":"2019-10-05T12:06:39","modified_gmt":"2019-10-05T10:06:39","slug":"75-2","status":"publish","type":"post","link":"http:\/\/www.50kronen.de\/headfield\/75-2\/","title":{"rendered":"3. Mai &#8211; Der Plan"},"content":{"rendered":"<p><img loading=\"lazy\" decoding=\"async\" class=\"alignleft wp-image-161 size-large\" src=\"http:\/\/www.50kronen.de\/headfield\/wp-content\/uploads\/Balkan-1024x873.jpg\" alt=\"\" width=\"616\" height=\"525\" srcset=\"http:\/\/www.50kronen.de\/headfield\/wp-content\/uploads\/Balkan-1024x873.jpg 1024w, http:\/\/www.50kronen.de\/headfield\/wp-content\/uploads\/Balkan-300x256.jpg 300w, http:\/\/www.50kronen.de\/headfield\/wp-content\/uploads\/Balkan-768x655.jpg 768w, http:\/\/www.50kronen.de\/headfield\/wp-content\/uploads\/Balkan-816x696.jpg 816w, http:\/\/www.50kronen.de\/headfield\/wp-content\/uploads\/Balkan.jpg 1877w\" sizes=\"(max-width: 616px) 100vw, 616px\" \/>So sieht er aus, der Plan. Wobei ich fairerweise sagen muss: So einen wirklichen Plan habe ich nicht.<\/p>\n<p>W\u00e4hrend ich meine erste Italientour noch dezidiert durchstrukturiert habe, mit vorab geplanten Campingpl\u00e4tzen, Tageskilometern und allem Klimm-Bimm, lief die zweite Tour nach Spanien schon deutlich entspannter ab. Mein Spanienplan war &#8220;auf jeden Fall Gibraltar, der Rest findet sich&#8221;. So lief es auch und so gefiel es mir auch.<\/p>\n<p>\u00c4hnlich wird es jetzt mit der Balkantour laufen. Ich wei\u00df, dass ich im Groben die gesamte K\u00fcste abfahren m\u00f6chte. K\u00fcste ist Meer und Meer kann eigentlich immer was. Insbesondere zu dieser Jahreszeit, zu der noch nicht die ganze Familie mit Uroma, Tante und Co am Strand unterwegs ist. Ich werde im Westen die K\u00fcste runter fahren, \u00d6sterreich, Italien, ein kurzes St\u00fcck Slowenien, Kroatien, ein kurzes St\u00fcck Bosnien und Herzegowina, Montenegro, Albanien und dann Griechenland. Je nach Lust und Laune geht es f\u00fcr den R\u00fcckweg dann durch Bulgarien und Rum\u00e4nien etwas am schwarzen Meer lang. Anschlie\u00dfend irgendwie \u00fcber den Kontinent. Oder aber ich setze r\u00fcber nach Italien und fahre die Ostk\u00fcste hoch und hole bei der Gelegenheit Venedig nach. Mal sehen.<\/p>\n<p>Unterwegs wird es sicherlich den einen anderen Abstecher ins Landesinnere geben. Vielleicht geht es auch in eins der anderen Balkanl\u00e4nder. Die Witterung hat auch noch ein W\u00f6rtchen mitzureden.&nbsp; Das ist eben das Sch\u00f6ne einer unklaren Planung mit einem ausgiebigen Zeitbudget. Wie meine ehemaligen Arbeitskollegen aus dem S\u00fcden Deutschlands sagen w\u00fcrden: Schaun mer mal, dann sehn mer scho.<\/p>\n<p>Klar ist aber jetzt schon: Bereits dieser grobe Umriss zeigt ca. 9.400 km auf dem Tacho. Es wird also definitiv einen Inspektionstermin irgendwo unterwegs geben. Garantie und so &#8230; Einen neuen Satz Reifen werde ich wohl auch brauchen &#8211; Sofern ich mir unterwegs nicht eh irgendwo einen Reifen kaputt fahre.<\/p>\n<p>Ansonsten laufen gerade die letzten Vorbereitungen. Gestern Abend ging noch eine Bestellung raus. W\u00e4scheklammern, Ingwerpulver, eine Brusttasche und K\u00fcchent\u00fccher &#8211; \u00dcberlebenszeug halt. Eine zweite Gep\u00e4ckrolle ist unterwegs und m\u00fcsste heute ankommen. Ein schwedisches Einrichtungshaus bekannt f\u00fcr seine hochwertigen und langlebigen Produkte wird auch noch mit einem Besuch beehrt. Mit den relativ gro\u00dfen Alu-Koffern nutze ich mal die Gelegenheit, ein wenig Ordnung in den ganzen Krempel zu bekommen.<\/p>\n<p>Es wird!<\/p>\n<p>&nbsp;<\/p>\n<p>&nbsp;<\/p>\n","protected":false},"excerpt":{"rendered":"<p>So sieht er aus, der Plan. Wobei ich fairerweise sagen muss: So einen wirklichen Plan habe ich nicht. W\u00e4hrend ich meine erste Italientour noch dezidiert durchstrukturiert habe, mit vorab geplanten Campingpl\u00e4tzen, Tageskilometern und allem Klimm-Bimm, lief die zweite Tour nach Spanien schon deutlich entspannter ab. Mein Spanienplan war &#8220;auf jeden Fall Gibraltar, der Rest findet [&hellip;]<\/p>\n","protected":false},"author":1,"featured_media":0,"comment_status":"open","ping_status":"open","sticky":false,"template":"","format":"standard","meta":{"footnotes":""},"categories":[8],"tags":[],"_links":{"self":[{"href":"http:\/\/www.50kronen.de\/headfield\/wp-json\/wp\/v2\/posts\/75"}],"collection":[{"href":"http:\/\/www.50kronen.de\/headfield\/wp-json\/wp\/v2\/posts"}],"about":[{"href":"http:\/\/www.50kronen.de\/headfield\/wp-json\/wp\/v2\/types\/post"}],"author":[{"embeddable":true,"href":"http:\/\/www.50kronen.de\/headfield\/wp-json\/wp\/v2\/users\/1"}],"replies":[{"embeddable":true,"href":"http:\/\/www.50kronen.de\/headfield\/wp-json\/wp\/v2\/comments?post=75"}],"version-history":[{"count":14,"href":"http:\/\/www.50kronen.de\/headfield\/wp-json\/wp\/v2\/posts\/75\/revisions"}],"predecessor-version":[{"id":1012,"href":"http:\/\/www.50kronen.de\/headfield\/wp-json\/wp\/v2\/posts\/75\/revisions\/1012"}],"wp:attachment":[{"href":"http:\/\/www.50kronen.de\/headfield\/wp-json\/wp\/v2\/media?parent=75"}],"wp:term":[{"taxonomy":"category","embeddable":true,"href":"http:\/\/www.50kronen.de\/headfield\/wp-json\/wp\/v2\/categories?post=75"},{"taxonomy":"post_tag","embeddable":true,"href":"http:\/\/www.50kronen.de\/headfield\/wp-json\/wp\/v2\/tags?post=75"}],"curies":[{"name":"wp","href":"https:\/\/api.w.org\/{rel}","templated":true}]}}