{"id":2223,"date":"2020-07-03T15:32:32","date_gmt":"2020-07-03T13:32:32","guid":{"rendered":"http:\/\/www.50kronen.de\/headfield\/?p=2223"},"modified":"2022-07-08T15:16:52","modified_gmt":"2022-07-08T13:16:52","slug":"03-07-2020-ausharren-bei-guanaqueros","status":"publish","type":"post","link":"http:\/\/www.50kronen.de\/headfield\/03-07-2020-ausharren-bei-guanaqueros\/","title":{"rendered":"03.07.2020 &#8211; Ausharren bei Guanaqueros"},"content":{"rendered":"<p>Mal eine kleine Zwischenmeldung, auch wenn es grunds\u00e4tzlich nicht viel zu berichten gibt. Momentan ist es f\u00fcr mich relativ unklar, wie und in welche Richtung es weitergehen kann.<\/p>\n<p>Nach Norden wird es vermutlich eher schwieriger, was verschiedene Gr\u00fcnde hat.<\/p>\n<ul>\n<li>Antofagasta und Iquique &#8211; die beiden gr\u00f6\u00dferen St\u00e4dte an der K\u00fcste &#8211; sind beide unter Quarant\u00e4ne. Bei Iquique sind auch gr\u00f6\u00dfere Bereiche entlang der K\u00fcste betroffen. Daher wird dort bzw. Richtung Norden vermutlich auch die Stimmung gegen\u00fcber Fremden eher schwieriger werden.<\/li>\n<li>Unterk\u00fcnfte, also Campingpl\u00e4tze, Hotels, Hostels etc. sind ebenso weiterhin offiziell geschlossen. Dass ich hier dennoch auf einem Campingplatz gelandet bin, liegt vermutlich eher daran, dass Carlos, der Hausmeister\/Platzwart auf dem Platz wohnt.<\/li>\n<li>Alle Nationalparks haben geschlossen &#8211; was scheinbar auch (man glaubt es kaum) kontrolliert wird. Das bedeutet auch, dass Besuche von Salzseen momentan kaum m\u00f6glich sind.<\/li>\n<li>In Chile ist es ja im mittleren und n\u00f6rdlichen Bereich h\u00e4ufig so, dass man die zentrale Autobahn in der Mitte hoch- und runterfahren kann und sich dann wahlweise nach links bzw. Richtung Westen an die K\u00fcste oder aber nach rechts bzw. Richtung Osten zu den Anden bewegt. Mitunter sind das dann Stra\u00dfen, die exklusiv Richtung Meer oder in ein Tal Richtung Berge f\u00fchren, welche dann eben f\u00fcr nicht Ortsans\u00e4ssige gesperrt werden. Das kenne ich sowohl aus Berichten Anderer also auch aus eigener Erfahrung, als ich hier etwas n\u00f6rdlich in das Valle de Elqui fahren wollte.<\/li>\n<li>Die Corona-Zahlen in Chile haben sich in den letzten Wochen ja sehr deutlich erh\u00f6ht. Mittlerweile gibt es ca. 285.000 F\u00e4lle &#8211; bei gerade einmal ca. 18 Mio. Einwohnern. Gleichzeitig wurde der Gesundheitsminister ausgetauscht. Momentan ist die Lage also nochmal etwas angespannter &#8211; wenngleich im Vergleich zu Peru oder Argentinien hinsichtlich der Bewegungsfreiheit doch noch deutlich entspannter.<\/li>\n<\/ul>\n<p>Das alle zusammengefasst bleibe ich momentan denke ich eher da, wo ich bin. Wettertechnisch ist das okay. In der Nacht kalt aber in Ordnung, tags\u00fcber so, dass man sich (bei Sonne) einen Sonnenbrand holt bzw. holen kann. Und da hier jetzt Winter ist, sollte es nicht mehr sonderlich viel k\u00e4lter werden.<\/p>\n<p>Nach S\u00fcden w\u00fcrde ich nur fahren, um wieder zur\u00fcck zu Richard nach Constituci\u00f3n zu machen. Irgendwo ins Blaue zu fahren, ist aktuell nicht sehr sinnvoll. Ich habe ja bei San Antonio gesehen, dass das schnell (fast) richtig bl\u00f6d laufen kann.<\/p>\n<p>Also bleibe ich erstmal hier, trinke Tee und Kaffee und lese viel. Immerhin ist es ruhig (ist ja niemand da), ich sitze mehr oder weniger am Meer und bei Sonne ist es tags\u00fcber richtig warm.<\/p>\n<p>In der Konsequenz hei\u00dft das aber auch, dass es nat\u00fcrlich nicht viel zu berichten gibt. Vielleicht schnappe ich mir nochmal ne Schaufel und pfl\u00fcge den Strand um, mal sehen.<\/p>\n<p>Schauen wir mal, wie sich das in n\u00e4chster Zeit weiter entwickelt.<\/p>\n<p>&nbsp;<\/p>\n<p>&nbsp;<\/p>\n","protected":false},"excerpt":{"rendered":"<p>Mal eine kleine Zwischenmeldung, auch wenn es grunds\u00e4tzlich nicht viel zu berichten gibt. Momentan ist es f\u00fcr mich relativ unklar, wie und in welche Richtung es weitergehen kann. Nach Norden wird es vermutlich eher schwieriger, was verschiedene Gr\u00fcnde hat. Antofagasta und Iquique &#8211; die beiden gr\u00f6\u00dferen St\u00e4dte an der K\u00fcste &#8211; sind beide unter Quarant\u00e4ne. [&hellip;]<\/p>\n","protected":false},"author":1,"featured_media":0,"comment_status":"open","ping_status":"closed","sticky":false,"template":"","format":"standard","meta":{"footnotes":""},"categories":[9],"tags":[],"_links":{"self":[{"href":"http:\/\/www.50kronen.de\/headfield\/wp-json\/wp\/v2\/posts\/2223"}],"collection":[{"href":"http:\/\/www.50kronen.de\/headfield\/wp-json\/wp\/v2\/posts"}],"about":[{"href":"http:\/\/www.50kronen.de\/headfield\/wp-json\/wp\/v2\/types\/post"}],"author":[{"embeddable":true,"href":"http:\/\/www.50kronen.de\/headfield\/wp-json\/wp\/v2\/users\/1"}],"replies":[{"embeddable":true,"href":"http:\/\/www.50kronen.de\/headfield\/wp-json\/wp\/v2\/comments?post=2223"}],"version-history":[{"count":2,"href":"http:\/\/www.50kronen.de\/headfield\/wp-json\/wp\/v2\/posts\/2223\/revisions"}],"predecessor-version":[{"id":2225,"href":"http:\/\/www.50kronen.de\/headfield\/wp-json\/wp\/v2\/posts\/2223\/revisions\/2225"}],"wp:attachment":[{"href":"http:\/\/www.50kronen.de\/headfield\/wp-json\/wp\/v2\/media?parent=2223"}],"wp:term":[{"taxonomy":"category","embeddable":true,"href":"http:\/\/www.50kronen.de\/headfield\/wp-json\/wp\/v2\/categories?post=2223"},{"taxonomy":"post_tag","embeddable":true,"href":"http:\/\/www.50kronen.de\/headfield\/wp-json\/wp\/v2\/tags?post=2223"}],"curies":[{"name":"wp","href":"https:\/\/api.w.org\/{rel}","templated":true}]}}