{"id":2087,"date":"2020-06-06T19:03:31","date_gmt":"2020-06-06T17:03:31","guid":{"rendered":"http:\/\/www.50kronen.de\/headfield\/?p=2087"},"modified":"2022-07-08T15:17:32","modified_gmt":"2022-07-08T13:17:32","slug":"06-06-2020-fresskoma-und-fischmarkt","status":"publish","type":"post","link":"http:\/\/www.50kronen.de\/headfield\/06-06-2020-fresskoma-und-fischmarkt\/","title":{"rendered":"06.06.2020 &#8211; Fresskoma und Fischmarkt"},"content":{"rendered":"<p>So langsam bastel ich an meiner weitere Planung nach Norden. Die jetzt kommende l\u00e4ngere Strecke rund um Santiago wird etwas kniffeliger werden, da ja im Gro\u00dfraum Santiago auch Quarant\u00e4ne angesagt ist. Wenn ich das richtig im Kopf habe, wohnen \u00fcber 50% der Chilenen in der Santiago-Metropolregion (inkl. Valparaiso etc. an der K\u00fcste). Da werden mich also wohl zwangsl\u00e4ufig mehr potentielle Kontrollen und Checkpoints erwarten. Mein Kontakt hier in Chile von der Transportfirma, mit der ich das Motorrad nach Chile verschifft habe, hat mir eine kleine Strecke bis hoch nach La Serena zusammengestellt, die eher \u00fcber Nebenstra\u00dfen f\u00fchrt.<\/p>\n<p>Insgesamt sind das etwas \u00fcber 900 Kilometer, die ich vermutlich in drei Etappen zur\u00fcck legen werde. Die Idee ist aktuell, unterwegs zweimal eine Nacht in einem Hotel\/Hostel zu verbringen und dann nochmal oben bei La Serena ein Hotel\/Hostel f\u00fcr eine Nacht aufzusuchen. Anschlie\u00dfend dann mit einem ganzen Tag Zeit im Gep\u00e4ck etwas Richtung Gebirge in das Valle de Elqui, um mir dort einen Platz zum Zelten zu suchen.<\/p>\n<p>So ist zumindest aktuell die grobe \u00dcberlegung. Vielleicht reicht das auf H\u00f6he La Serena wettertechnisch auch noch nicht, das werde ich sehen. Hier in Constituci\u00f3n ist es jedenfalls auch recht kalt, wenn auch gut 5 Grad w\u00e4rmer als in Puc\u00f3n. Das &#8220;reicht&#8221; aber immernoch f\u00fcr 7 Grad am Morgen in dem Holzhaus hier. Mittelfristig also einfach zu kalt. Zudem m\u00f6chte ich hier die Gastfreundschaft &#8211; ich wohne hier ja komplett kostenlos und kann mehr oder weniger machen, was ich m\u00f6chte &#8211; nicht \u00fcberstrapazieren.<\/p>\n<p>Bevor die beiden Videos kommen, vielleicht noch ein paar weitere, gesammelte Einr\u00fccke. Zu Anfang ein Foto von zwei Pferden, die neulich nachts hier einfach auf der Stra\u00dfe vor dem Grundst\u00fcck (zum Wasser) lang spaziert sind. Die Handy-Kamera mag Dunkelheit nicht wirklich, aber man kann die beiden glaube ich erkennen:<\/p>\n<p><img loading=\"lazy\" decoding=\"async\" class=\"alignnone size-full wp-image-2088\" src=\"http:\/\/www.50kronen.de\/headfield\/wp-content\/uploads\/DSC_1276-1.jpg\" alt=\"\" width=\"1920\" height=\"1080\" srcset=\"http:\/\/www.50kronen.de\/headfield\/wp-content\/uploads\/DSC_1276-1.jpg 1920w, http:\/\/www.50kronen.de\/headfield\/wp-content\/uploads\/DSC_1276-1-300x169.jpg 300w, http:\/\/www.50kronen.de\/headfield\/wp-content\/uploads\/DSC_1276-1-1024x576.jpg 1024w, http:\/\/www.50kronen.de\/headfield\/wp-content\/uploads\/DSC_1276-1-768x432.jpg 768w, http:\/\/www.50kronen.de\/headfield\/wp-content\/uploads\/DSC_1276-1-1536x864.jpg 1536w, http:\/\/www.50kronen.de\/headfield\/wp-content\/uploads\/DSC_1276-1-816x459.jpg 816w\" sizes=\"(max-width: 1920px) 100vw, 1920px\" \/><\/p>\n<p>Weder wei\u00df ich, wo die beiden herkamen, noch, wie sie denn wohl hin wollten. Aber das wirkte f\u00fcr die beiden ganz &#8220;normal&#8221;. Die drei etwas eskalierenden Hunde haben sie sich einen Moment interessiert angeschaut und sind dann weiter spaziert.<\/p>\n<p>Ansonsten wird dieser Weg am Wasser entlang auch bereits morgens ganz gut frequentiert, gerne auch mit alkoholisiertem Wackelschritt oder aber der Pulle in der Hand. \u00dcberhaupt scheinen hier deutlich mehr abgewrackte Menschen unterwegs zu sein. Auf der anderen Seite der im R\u00fccken entlang laufenden Hauptstra\u00dfe liegt ein Bahnhof und ein kleiner Platz &#8230; oder eine (mit etwas Wohlwollen) Parkanlage, auf dem\/in der man tags\u00fcber rumsitzt, Alkohol trinkt, raucht und halt nichts macht.<\/p>\n<p>Auto-, LKW- und Buswracks, Wellblechh\u00fctten und vor allem: Vieles wirkt &#8220;hingefuddelt&#8221;. So, dass es halt jetzt gerade irgendwie funktioniert, Morgen sieht man dann weiter. Gleichzeitig f\u00e4hrt dann auch mal ein Mercedes oder ein VW Amarok durch die Gegend. Ich habe aber schon an verschiedenen Stellen unterwegs gedacht, dass das hier (Chile) ein kleines Paradies f\u00fcr Handwerker sein m\u00fcsste, die keine Lust mehr auf Deutschland haben. Mit dem Standard, den man fast zwangsl\u00e4ufig eingetrichtert bekommen hat, m\u00fcsste es ein Leichtes sein, hier immer mal wieder f\u00fcr gro\u00dfe Augen zu sorgen \ud83d\ude09 Sowohl Richard (dessen Holzhaus ich gerade bewohne) als auch Nawwaf (aus Puc\u00f3n) haben mir berichtet, dass es fast unm\u00f6glich sei, hier unten &#8220;vern\u00fcnftige&#8221; Leute zu bekommen. Ich selber habe f\u00fcr solche Experimente das Falsche gelernt.<\/p>\n<p>Abschlie\u00dfend noch zwei Videos. Das erste Video ist von einer kleinen Fahrt entlang der K\u00fcste zu dem Fischmarkt, neben dem Campingplatz, auf dem ich auf meinem Weg Richtung S\u00fcden schon Halt gemacht habe. Das zweite ist \u00fcber den kleinen Kampf gegen das Fresskoma einer der Hunde hier nach der morgendlichen F\u00fctterung:<\/p>\n<p><iframe loading=\"lazy\" title=\"05.06.2020 - Kurze Strecke Constituci\u00f3n\" width=\"640\" height=\"360\" src=\"https:\/\/www.youtube.com\/embed\/mVUEuGFk_Rk?feature=oembed\" frameborder=\"0\" allow=\"accelerometer; autoplay; clipboard-write; encrypted-media; gyroscope; picture-in-picture; web-share\" referrerpolicy=\"strict-origin-when-cross-origin\" allowfullscreen><\/iframe><\/p>\n<p><iframe loading=\"lazy\" title=\"05.06.2020 - Fresskoma\" width=\"640\" height=\"360\" src=\"https:\/\/www.youtube.com\/embed\/w-r97lPRums?feature=oembed\" frameborder=\"0\" allow=\"accelerometer; autoplay; clipboard-write; encrypted-media; gyroscope; picture-in-picture; web-share\" referrerpolicy=\"strict-origin-when-cross-origin\" allowfullscreen><\/iframe><\/p>\n","protected":false},"excerpt":{"rendered":"<p>So langsam bastel ich an meiner weitere Planung nach Norden. Die jetzt kommende l\u00e4ngere Strecke rund um Santiago wird etwas kniffeliger werden, da ja im Gro\u00dfraum Santiago auch Quarant\u00e4ne angesagt ist. Wenn ich das richtig im Kopf habe, wohnen \u00fcber 50% der Chilenen in der Santiago-Metropolregion (inkl. Valparaiso etc. an der K\u00fcste). Da werden mich [&hellip;]<\/p>\n","protected":false},"author":1,"featured_media":0,"comment_status":"open","ping_status":"closed","sticky":false,"template":"","format":"standard","meta":{"footnotes":""},"categories":[9],"tags":[],"_links":{"self":[{"href":"http:\/\/www.50kronen.de\/headfield\/wp-json\/wp\/v2\/posts\/2087"}],"collection":[{"href":"http:\/\/www.50kronen.de\/headfield\/wp-json\/wp\/v2\/posts"}],"about":[{"href":"http:\/\/www.50kronen.de\/headfield\/wp-json\/wp\/v2\/types\/post"}],"author":[{"embeddable":true,"href":"http:\/\/www.50kronen.de\/headfield\/wp-json\/wp\/v2\/users\/1"}],"replies":[{"embeddable":true,"href":"http:\/\/www.50kronen.de\/headfield\/wp-json\/wp\/v2\/comments?post=2087"}],"version-history":[{"count":1,"href":"http:\/\/www.50kronen.de\/headfield\/wp-json\/wp\/v2\/posts\/2087\/revisions"}],"predecessor-version":[{"id":2089,"href":"http:\/\/www.50kronen.de\/headfield\/wp-json\/wp\/v2\/posts\/2087\/revisions\/2089"}],"wp:attachment":[{"href":"http:\/\/www.50kronen.de\/headfield\/wp-json\/wp\/v2\/media?parent=2087"}],"wp:term":[{"taxonomy":"category","embeddable":true,"href":"http:\/\/www.50kronen.de\/headfield\/wp-json\/wp\/v2\/categories?post=2087"},{"taxonomy":"post_tag","embeddable":true,"href":"http:\/\/www.50kronen.de\/headfield\/wp-json\/wp\/v2\/tags?post=2087"}],"curies":[{"name":"wp","href":"https:\/\/api.w.org\/{rel}","templated":true}]}}